{"id":9439,"date":"2022-05-19T14:47:33","date_gmt":"2022-05-19T12:47:33","guid":{"rendered":"https:\/\/muframex.univ-toulouse.fr\/?p=9439"},"modified":"2022-06-23T15:06:48","modified_gmt":"2022-06-23T13:06:48","slug":"convocatoria-presidencia-comite-ecos-nord-2022","status":"publish","type":"post","link":"https:\/\/muframex.univ-toulouse.fr\/es\/convocatoria-presidencia-comite-ecos-nord-2022\/","title":{"rendered":"Convocatoria &#8211; Presidencia del Comit\u00e9 ECOS NORD (MESRI, MEAE)"},"content":{"rendered":"<div class=\"wpb-content-wrapper\"><p>[vc_row][vc_column][\/vc_column][\/vc_row][vc_row][vc_column width=\u00bb6\/12&#8243;]<div class=\"ult-spacer spacer-69f37e7c16b36\" data-id=\"69f37e7c16b36\" data-height=\"20\" data-height-mobile=\"20\" data-height-tab=\"20\" data-height-tab-portrait=\"20\" data-height-mobile-landscape=\"20\" style=\"clear:both;display:block;\"><\/div>[vc_column_text]El <a href=\"https:\/\/www.diplomatie.gouv.fr\/fr\/\" target=\"_blank\" rel=\"noopener\">Minist\u00e8re de l\u2019Europe et des Affaires \u00e9trang\u00e8res<\/a> (MEAE) y el <a href=\"https:\/\/www.enseignementsup-recherche.gouv.fr\/fr\" target=\"_blank\" rel=\"noopener\">Minist\u00e8re de l&#8217;Enseignement sup\u00e9rieur, de la Recherche et de l&#8217;Innovation<\/a> (MESRI) lanzan conjuntamente una convocatoria para la <strong>presidencia del\u00a0Comit\u00e9 ECOS NORD<\/strong>.<\/p>\n<p>Creado en 1992 y aplicado en cuatro pa\u00edses de Am\u00e9rica latina (M\u00e9xico &#8211; 1994, Colombia &#8211; 1998, Venezuela -1999 y Per\u00fa &#8211; 2019), el <strong>programa ECOS<\/strong> apoya proyectos de colaboraci\u00f3n cient\u00edfica y financia intercambios entre investigadores para los doctorandos que participan en los proyectos seleccionados.<\/p>\n<p>&nbsp;<\/p>\n<p><strong>Fecha l\u00edmite de solicitud: 8 de junio de 2022<\/strong>[\/vc_column_text]<div class=\" ubtn-ctn-left cta-red\"><a class=\"ubtn-link ult-adjust-bottom-margin ubtn-left ubtn-normal cta-red\" href=\"https:\/\/www.enseignementsup-recherche.gouv.fr\/fr\/appel-candidatures-pour-la-presidence-du-comite-ecos-nord-mexique-colombie-venezuela-perou-85268\" target=\"_blank\" rel=\"noopener\" ><button type=\"button\" id=\"ubtn-3905\"  class=\"ubtn ult-adjust-bottom-margin ult-responsive ubtn-normal ubtn-no-hover-bg  none  ubtn-left   tooltip-69f37e7c16b63\"  data-hover=\"\" data-border-color=\"\" data-bg=\"#a21915\" data-hover-bg=\"\" data-border-hover=\"\" data-shadow-hover=\"\" data-shadow-click=\"none\" data-shadow=\"\" data-shd-shadow=\"\"  data-ultimate-target='#ubtn-3905'  data-responsive-json-new='{\"font-size\":\"\",\"line-height\":\"\"}'  style=\"font-weight:normal;border:none;background: #a21915;color: #ffffff;\"><span class=\"ubtn-hover\" style=\"background-color:\"><\/span><span class=\"ubtn-data ubtn-text \" >Ver la Convocatoria<\/span><\/button><\/a><\/div>[vc_column_inner width=\u00bb5\/12&#8243;][\/vc_column_inner][\/vc_column][vc_column width=\u00bb1\/12&#8243;][\/vc_column][vc_column width=\u00bb5\/12&#8243;][vc_single_image image=\u00bb9436&#8243; img_size=\u00bblarge\u00bb][\/vc_column][\/vc_row]<\/p>\n<\/div>","protected":false},"excerpt":{"rendered":"<p>El MEAE y el MESRI lanzan conjuntamente una convocatoria  para la presidencia del &#8230;<\/p>\n","protected":false},"author":4,"featured_media":9436,"comment_status":"closed","ping_status":"closed","sticky":false,"template":"","format":"standard","meta":{"_acf_changed":false,"footnotes":""},"categories":[83],"tags":[],"class_list":["post-9439","post","type-post","status-publish","format-standard","has-post-thumbnail","hentry","category-convocatoria-archivada"],"acf":[],"translations":{"fr":{"id":9438,"permalink":"https:\/\/muframex.univ-toulouse.fr\/appel-presidence-ecos-nord-2022\/","title":"Appel &#8211; Pr\u00e9sidence du comit\u00e9 ECOS NORD (MESRI, MEAE)","status":"publish","original":true},"es":{"id":9439,"permalink":"https:\/\/muframex.univ-toulouse.fr\/es\/convocatoria-presidencia-comite-ecos-nord-2022\/","title":"Convocatoria &#8211; Presidencia del Comit\u00e9 ECOS NORD (MESRI, MEAE)","status":"publish","original":false}},"_links":{"self":[{"href":"https:\/\/muframex.univ-toulouse.fr\/es\/wp-json\/wp\/v2\/posts\/9439","targetHints":{"allow":["GET"]}}],"collection":[{"href":"https:\/\/muframex.univ-toulouse.fr\/es\/wp-json\/wp\/v2\/posts"}],"about":[{"href":"https:\/\/muframex.univ-toulouse.fr\/es\/wp-json\/wp\/v2\/types\/post"}],"author":[{"embeddable":true,"href":"https:\/\/muframex.univ-toulouse.fr\/es\/wp-json\/wp\/v2\/users\/4"}],"replies":[{"embeddable":true,"href":"https:\/\/muframex.univ-toulouse.fr\/es\/wp-json\/wp\/v2\/comments?post=9439"}],"version-history":[{"count":3,"href":"https:\/\/muframex.univ-toulouse.fr\/es\/wp-json\/wp\/v2\/posts\/9439\/revisions"}],"predecessor-version":[{"id":9862,"href":"https:\/\/muframex.univ-toulouse.fr\/es\/wp-json\/wp\/v2\/posts\/9439\/revisions\/9862"}],"wp:featuredmedia":[{"embeddable":true,"href":"https:\/\/muframex.univ-toulouse.fr\/es\/wp-json\/wp\/v2\/media\/9436"}],"wp:attachment":[{"href":"https:\/\/muframex.univ-toulouse.fr\/es\/wp-json\/wp\/v2\/media?parent=9439"}],"wp:term":[{"taxonomy":"category","embeddable":true,"href":"https:\/\/muframex.univ-toulouse.fr\/es\/wp-json\/wp\/v2\/categories?post=9439"},{"taxonomy":"post_tag","embeddable":true,"href":"https:\/\/muframex.univ-toulouse.fr\/es\/wp-json\/wp\/v2\/tags?post=9439"}],"curies":[{"name":"wp","href":"https:\/\/api.w.org\/{rel}","templated":true}]}}