{"id":8687,"date":"2022-04-05T14:25:32","date_gmt":"2022-04-05T12:25:32","guid":{"rendered":"https:\/\/muframex.univ-toulouse.fr\/?p=8687"},"modified":"2023-07-19T10:00:19","modified_gmt":"2023-07-19T08:00:19","slug":"encuentros-muframex-nopal-en-industria-ecoresponsable","status":"publish","type":"post","link":"https:\/\/muframex.univ-toulouse.fr\/es\/encuentros-muframex-nopal-en-industria-ecoresponsable\/","title":{"rendered":"El nopal en la industria eco-responsable"},"content":{"rendered":"<div class=\"wpb-content-wrapper\"><p>[vc_row][vc_column][\/vc_column][\/vc_row][vc_row][vc_column width=\u00bb1\/2&#8243;][vc_column_text]<span style=\"font-weight: 400;\">El 13 de abril de 2022, la MUFRAMEX organiza una mesa redonda titulada \u201c<strong>Usos, propiedades y aplicaci\u00f3n del nopal en la industria eco-responsable<\/strong>\u201d.\u00a0<\/span><\/p>\n<p><span style=\"font-weight: 400;\">Cultivo predominante en M\u00e9xico, el nopal es conocido por sus numerosas propiedades culinarias y medicinales. A lo largo de los a\u00f1os, ha atra\u00eddo el inter\u00e9s de muchos investigadores, que la han estudiado a trav\u00e9s de la sociolog\u00eda, la antropolog\u00eda, la gen\u00e9tica y el mundo textil, entre otros.\u00a0<\/span><\/p>\n<p>&nbsp;<\/p>\n<p><b>Participantes:\u00a0<\/b><\/p>\n<ul>\n<li style=\"font-weight: 400;\" aria-level=\"1\"><span style=\"font-weight: 400;\">Mtra. Mercedes Ahumada, Directora de Cuisine Mexicaine, Especialista en Cultura Gastron\u00f3mica Mexicana y Qu\u00edmica Alimentaria<\/span><\/li>\n<li style=\"font-weight: 400;\" aria-level=\"1\"><span style=\"font-weight: 400;\">Mtra. Rosa Escobedo &#8211; <\/span><a href=\"https:\/\/www.mexiquefrance.com\/page\/911262-presentation\" target=\"_blank\" rel=\"noopener\"><span style=\"font-weight: 400;\">Chambre \u00c9conomique du Mexique en France<\/span><\/a><span style=\"font-weight: 400;\"> (CEMF)<\/span><\/li>\n<li style=\"font-weight: 400;\" aria-level=\"1\"><span style=\"font-weight: 400;\">Lic. Marte C\u00e1zarez et Lic. Adri\u00e1n L\u00f3pez, Cofundadores de <\/span><a href=\"https:\/\/desserto.com.mx\/home\" target=\"_blank\" rel=\"noopener\"><span style=\"font-weight: 400;\">Desserto<\/span><\/a><\/li>\n<\/ul>\n<p>&nbsp;<\/p>\n<p><b>Moderador:<\/b><span style=\"font-weight: 400;\"> Dr. \u00c1lvaro Rend\u00f3n, Director de Investigaci\u00f3n Em\u00e9rito, Sorbonne Universit\u00e9, Centro de investigaci\u00f3n Instituto de la Visi\u00f3n.\u00a0<\/span><\/p>\n<h4><\/h4>\n<p>&nbsp;<\/p>\n<p><strong>El 13 de abril de 2022 \u2022 09:45 (CDMX) \u2022 16:45 (Francia)\u00a0<\/strong><\/p>\n<p><b>Evento en l\u00ednea, en espa\u00f1ol, con traducci\u00f3n simult\u00e1nea al franc\u00e9s<\/b><\/p>\n<p><b>Registro gratuito, abierto hasta el 11 de abril de 2022 (incluido). <\/b>[\/vc_column_text]<div class=\" ubtn-ctn-left cta-red\"><a class=\"ubtn-link ult-adjust-bottom-margin ubtn-left ubtn-normal cta-red\" href=\"https:\/\/forms.gle\/L4G51s1j9oUH6kno6\" target=\"_blank\" rel=\"noopener\" ><button type=\"button\" id=\"ubtn-2543\"  class=\"ubtn ult-adjust-bottom-margin ult-responsive ubtn-normal ubtn-no-hover-bg  none  ubtn-left   tooltip-69f455d2b01ba\"  data-hover=\"\" data-border-color=\"\" data-bg=\"#a21915\" data-hover-bg=\"\" data-border-hover=\"\" data-shadow-hover=\"\" data-shadow-click=\"none\" data-shadow=\"\" data-shd-shadow=\"\"  data-ultimate-target='#ubtn-2543'  data-responsive-json-new='{\"font-size\":\"\",\"line-height\":\"\"}'  style=\"font-weight:normal;border:none;background: #a21915;color: #ffffff;\"><span class=\"ubtn-hover\" style=\"background-color:\"><\/span><span class=\"ubtn-data ubtn-text \" >Inscribirse<\/span><\/button><\/a><\/div><div class=\" ubtn-ctn-left cta-red\"><a class=\"ubtn-link ult-adjust-bottom-margin ubtn-left ubtn-normal cta-red\" href=\"https:\/\/muframex.univ-toulouse.fr\/nos-actions\/domaine-scientifique\/conferences-tables-rondes\/\" target=\"_blank\" rel=\"noopener\" ><button type=\"button\" id=\"ubtn-1620\"  class=\"ubtn ult-adjust-bottom-margin ult-responsive ubtn-normal ubtn-no-hover-bg  none  ubtn-left   tooltip-69f455d2b0214\"  data-hover=\"\" data-border-color=\"\" data-bg=\"#a21915\" data-hover-bg=\"\" data-border-hover=\"\" data-shadow-hover=\"\" data-shadow-click=\"none\" data-shadow=\"\" data-shd-shadow=\"\"  data-ultimate-target='#ubtn-1620'  data-responsive-json-new='{\"font-size\":\"\",\"line-height\":\"\"}'  style=\"font-weight:normal;border:none;background: #a21915;color: #ffffff;\"><span class=\"ubtn-hover\" style=\"background-color:\"><\/span><span class=\"ubtn-data ubtn-text \" >Saber m\u00e1s<\/span><\/button><\/a><\/div>[vc_column_inner width=\u00bb5\/12&#8243;][\/vc_column_inner][\/vc_column][vc_column width=\u00bb1\/2&#8243;][vc_single_image image=\u00bb8855&#8243; img_size=\u00bblarge\u00bb][\/vc_column][\/vc_row]<\/p>\n<\/div>","protected":false},"excerpt":{"rendered":"<p>El 13 de abril de 2022, la MUFRAMEX organiza una mesa redonda titulada \u201cUsos, &#8230;<\/p>\n","protected":false},"author":4,"featured_media":13242,"comment_status":"closed","ping_status":"closed","sticky":false,"template":"","format":"standard","meta":{"_acf_changed":false,"footnotes":""},"categories":[105,125,40],"tags":[],"class_list":["post-8687","post","type-post","status-publish","format-standard","has-post-thumbnail","hentry","category-conferencias-mesas-redondas","category-medio-ambiente","category-noticias"],"acf":[],"translations":{"fr":{"id":8686,"permalink":"https:\/\/muframex.univ-toulouse.fr\/rencontres-muframex-nopal-dans-industrie-ecoresponsable\/","title":"Le nopal dans l\u2019industrie \u00e9co-responsable","status":"publish","original":true},"es":{"id":8687,"permalink":"https:\/\/muframex.univ-toulouse.fr\/es\/encuentros-muframex-nopal-en-industria-ecoresponsable\/","title":"El nopal en la industria eco-responsable","status":"publish","original":false}},"_links":{"self":[{"href":"https:\/\/muframex.univ-toulouse.fr\/es\/wp-json\/wp\/v2\/posts\/8687","targetHints":{"allow":["GET"]}}],"collection":[{"href":"https:\/\/muframex.univ-toulouse.fr\/es\/wp-json\/wp\/v2\/posts"}],"about":[{"href":"https:\/\/muframex.univ-toulouse.fr\/es\/wp-json\/wp\/v2\/types\/post"}],"author":[{"embeddable":true,"href":"https:\/\/muframex.univ-toulouse.fr\/es\/wp-json\/wp\/v2\/users\/4"}],"replies":[{"embeddable":true,"href":"https:\/\/muframex.univ-toulouse.fr\/es\/wp-json\/wp\/v2\/comments?post=8687"}],"version-history":[{"count":16,"href":"https:\/\/muframex.univ-toulouse.fr\/es\/wp-json\/wp\/v2\/posts\/8687\/revisions"}],"predecessor-version":[{"id":13267,"href":"https:\/\/muframex.univ-toulouse.fr\/es\/wp-json\/wp\/v2\/posts\/8687\/revisions\/13267"}],"wp:featuredmedia":[{"embeddable":true,"href":"https:\/\/muframex.univ-toulouse.fr\/es\/wp-json\/wp\/v2\/media\/13242"}],"wp:attachment":[{"href":"https:\/\/muframex.univ-toulouse.fr\/es\/wp-json\/wp\/v2\/media?parent=8687"}],"wp:term":[{"taxonomy":"category","embeddable":true,"href":"https:\/\/muframex.univ-toulouse.fr\/es\/wp-json\/wp\/v2\/categories?post=8687"},{"taxonomy":"post_tag","embeddable":true,"href":"https:\/\/muframex.univ-toulouse.fr\/es\/wp-json\/wp\/v2\/tags?post=8687"}],"curies":[{"name":"wp","href":"https:\/\/api.w.org\/{rel}","templated":true}]}}