{"id":18041,"date":"2026-04-23T15:47:16","date_gmt":"2026-04-23T13:47:16","guid":{"rendered":"https:\/\/muframex.univ-toulouse.fr\/?p=18041"},"modified":"2026-04-27T13:59:22","modified_gmt":"2026-04-27T11:59:22","slug":"webinario-sobre-el-programa-ecos-nord-mexique-2026-2","status":"publish","type":"post","link":"https:\/\/muframex.univ-toulouse.fr\/es\/webinario-sobre-el-programa-ecos-nord-mexique-2026-2\/","title":{"rendered":"Webinario- speed dating cientifico sobre el programa Ecos Nord Mexique 2026"},"content":{"rendered":"<div class=\"wpb-content-wrapper\"><p>[vc_row][vc_column][vc_column_text css=\u00bb\u00bb]<\/p>\r\n<p><em>\u00bfLe interesa la cooperaci\u00f3n cient\u00edfica entre M\u00e9xico y Francia? El mi\u00e9rcoles 6 de mayo de 2026, \u00a1participe en el webinar de presentaci\u00f3n del programa ECOS Nord M\u00e9xico! \u00danase a nosotros en l\u00ednea de 9 AM a 10 AM (CDMX) para obtener m\u00e1s informaci\u00f3n sobre el programa de cooperaci\u00f3n cient\u00edfica y acad\u00e9mica entre M\u00e9xico y Francia y su convocatoria anual de propuestas.<\/em><\/p>\r\n<p>[\/vc_column_text][\/vc_column][\/vc_row][vc_row gap=\u00bb35&#8243;][vc_column width=\u00bb6\/12&#8243;][vc_column_text css=\u00bb\u00bb]<\/p>\r\n<p><em><!-- \/wp:post-content --><\/em><\/p>\r\n<p><!-- wp:paragraph -->El programa ECOS Nord, bajo la tutela del <a href=\"https:\/\/www.enseignementsup-recherche.gouv.fr\/fr\" target=\"_blank\" rel=\"noopener\">Minist\u00e8re de l&#8217;Enseignement sup\u00e9rieur et de la Recherche<\/a> y del <a href=\"https:\/\/www.diplomatie.gouv.fr\/fr\/\" target=\"_blank\" rel=\"noopener\">Minist\u00e8re de l&#8217;Europe et des Affaires \u00e9trang\u00e8res<\/a>, es un programa bilateral de cooperaci\u00f3n cient\u00edfica entre Francia y varios pa\u00edses del norte de Am\u00e9rica Latina, entre ellos M\u00e9xico.<\/p>\r\n<p>&nbsp;<\/p>\r\n<h4>Enfoque Ecos Nord Mexico<\/h4>\r\n<p><!-- \/wp:paragraph -->En colaboraci\u00f3n directa con la <a href=\"https:\/\/secihti.mx\/\" target=\"_blank\" rel=\"noopener\">Secretar\u00eda de Ciencia, Humanidades, Tecnolog\u00eda e Innovaci\u00f3n<\/a> y la <a href=\"https:\/\/www.anuies.mx\/\" target=\"_blank\" rel=\"noopener\">Asociaci\u00f3n Nacional de Universidades e Instituciones de Educaci\u00f3n superior<\/a>, la <a href=\"https:\/\/mx.ambafrance.org\/\" target=\"_blank\" rel=\"noopener\">Embajada de Francia en M\u00e9xico<\/a> lanza la convocatoria de proyectos <strong><a href=\"https:\/\/muframex.univ-toulouse.fr\/ecos-nord-2025\/\" target=\"_blank\" rel=\"noopener\">ECOS Nord Francia-M\u00e9xico 2026<\/a><\/strong>, abierta hasta el 1 de junio de 2026. El objetivo es seleccionar los proyectos ECOS Nord que comenzar\u00e1n en 2027, y que se beneficiar\u00e1n de 16 intercambios internacionales durante cuatro a\u00f1os, repartidos entre investigadores y doctorandos de M\u00e9xico y Francia.<\/p>\r\n<p>&nbsp;<\/p>\r\n<p><strong>El\u00a0 6 de mayo de 2026 \u2022 9 AM &#8211; 10 AM (hora CDMX) \u2022 en l\u00ednea<\/strong><\/p>\r\n<p><strong>Registro obligatorio hasta el 4 de mayo de 2026: <a href=\"https:\/\/tinyurl.com\/3mnwbd3k\" target=\"_blank\" rel=\"noopener\">https:\/\/forms.gle\/iDyiZpNSnECHbs139<\/a><\/strong><\/p>\r\n<!-- \/wp:paragraph -->\r\n<p>[\/vc_column_text][\/vc_column][vc_column width=\u00bb6\/12&#8243;][vc_single_image image=\u00bb18068&#8243; img_size=\u00bblarge\u00bb css=\u00bb\u00bb][\/vc_column][\/vc_row]<\/p><\/div>","protected":false},"excerpt":{"rendered":"<p>\u00bfLe interesa la cooperaci\u00f3n cient\u00edfica entre M\u00e9xico y Francia? El mi\u00e9rcoles 6 de mayo &#8230;<\/p>\n","protected":false},"author":4,"featured_media":18068,"comment_status":"open","ping_status":"open","sticky":false,"template":"","format":"standard","meta":{"_acf_changed":false,"footnotes":""},"categories":[40,82],"tags":[],"class_list":["post-18041","post","type-post","status-publish","format-standard","has-post-thumbnail","hentry","category-noticias","category-noticias-rrfm"],"acf":[],"translations":{"fr":{"id":18040,"permalink":"https:\/\/muframex.univ-toulouse.fr\/webinaire-sur-le-programme-ecos-nord-mexique-2026-2\/","title":"Webinaire -speed dating scientifique sur le programme Ecos Nord Mexique 2026","status":"publish","original":true},"es":{"id":18041,"permalink":"https:\/\/muframex.univ-toulouse.fr\/es\/webinario-sobre-el-programa-ecos-nord-mexique-2026-2\/","title":"Webinario- speed dating cientifico sobre el programa Ecos Nord Mexique 2026","status":"publish","original":false}},"_links":{"self":[{"href":"https:\/\/muframex.univ-toulouse.fr\/es\/wp-json\/wp\/v2\/posts\/18041","targetHints":{"allow":["GET"]}}],"collection":[{"href":"https:\/\/muframex.univ-toulouse.fr\/es\/wp-json\/wp\/v2\/posts"}],"about":[{"href":"https:\/\/muframex.univ-toulouse.fr\/es\/wp-json\/wp\/v2\/types\/post"}],"author":[{"embeddable":true,"href":"https:\/\/muframex.univ-toulouse.fr\/es\/wp-json\/wp\/v2\/users\/4"}],"replies":[{"embeddable":true,"href":"https:\/\/muframex.univ-toulouse.fr\/es\/wp-json\/wp\/v2\/comments?post=18041"}],"version-history":[{"count":6,"href":"https:\/\/muframex.univ-toulouse.fr\/es\/wp-json\/wp\/v2\/posts\/18041\/revisions"}],"predecessor-version":[{"id":18070,"href":"https:\/\/muframex.univ-toulouse.fr\/es\/wp-json\/wp\/v2\/posts\/18041\/revisions\/18070"}],"wp:featuredmedia":[{"embeddable":true,"href":"https:\/\/muframex.univ-toulouse.fr\/es\/wp-json\/wp\/v2\/media\/18068"}],"wp:attachment":[{"href":"https:\/\/muframex.univ-toulouse.fr\/es\/wp-json\/wp\/v2\/media?parent=18041"}],"wp:term":[{"taxonomy":"category","embeddable":true,"href":"https:\/\/muframex.univ-toulouse.fr\/es\/wp-json\/wp\/v2\/categories?post=18041"},{"taxonomy":"post_tag","embeddable":true,"href":"https:\/\/muframex.univ-toulouse.fr\/es\/wp-json\/wp\/v2\/tags?post=18041"}],"curies":[{"name":"wp","href":"https:\/\/api.w.org\/{rel}","templated":true}]}}