{"id":15924,"date":"2024-10-14T08:44:49","date_gmt":"2024-10-14T06:44:49","guid":{"rendered":"https:\/\/muframex.univ-toulouse.fr\/?p=15924"},"modified":"2024-10-14T08:44:49","modified_gmt":"2024-10-14T06:44:49","slug":"coloquio-internacional-sobre-paisajes-sonoros-espacio-publico-ciudadania-areas-urbanas-y-centros-historicos","status":"publish","type":"post","link":"https:\/\/muframex.univ-toulouse.fr\/es\/coloquio-internacional-sobre-paisajes-sonoros-espacio-publico-ciudadania-areas-urbanas-y-centros-historicos\/","title":{"rendered":"Coloquio Internacional sobre Paisajes Sonoros: Espacio P\u00fablico, Ciudadan\u00eda, \u00c1reas Urbanas y Centros Hist\u00f3ricos"},"content":{"rendered":"<div class=\"wpb-content-wrapper\"><p>[vc_row][vc_column][\/vc_column][\/vc_row][vc_row][vc_column width=\u00bb6\/12&#8243;][vc_column_text]La <strong>MUFRAMEX <\/strong><span lang=\"ES\">le invita al<\/span><strong><span lang=\"ES\"> Coloquio Internacional sobre Paisajes Sonoros: Espacio P\u00fablico, Ciudadan\u00eda, \u00c1reas Urbanas y Centros Hist\u00f3ricos.<\/span><\/strong><span lang=\"ES\">\u00a0Organizado por la Universidad Aut\u00f3noma Metropolitana (UAM) en el marco de la Semana del Sonido de la UNESCO y las actividades de su\u00a0<\/span><b><span lang=\"ES\">50\u00ba aniversario,<\/span><\/b><span lang=\"ES\">\u00a0este coloquio se llevar\u00e1 a cabo en Ciudad de M\u00e9xico del 14 al 18 de octubre y reunir\u00e1 a expertos de renombre en torno a la tem\u00e1tica del sonido en los espacios p\u00fablicos y los avances en investigaci\u00f3n cient\u00edfica.<\/span><b><\/b><\/p>\n<p><span lang=\"ES\">No se pierda la <strong>Conferencia Inaugural H\u00edbrida<\/strong>\u00a0de Christian Hugonnet (presidente fundador de la Semana del Sonido*) el 14 de octubre a las 18:30 (hora de Par\u00eds) \/ 10:30 (hora de la Ciudad de M\u00e9xico). Esta conferencia ser\u00e1 transmitida en vivo y contar\u00e1 con interpretaci\u00f3n simult\u00e1nea al franc\u00e9s y al espa\u00f1ol.<\/span><\/p>\n<p data-sourcepos=\"9:3-9:412\"><span lang=\"ES\">*Lanzada en 2004, la Semana del Sonido es un evento anual nacional e internacional, denominado desde 2019 \u00abSemana del Sonido de la UNESCO\u00bb, que tiene como objetivo sensibilizar al p\u00fablico y a los funcionarios electos sobre la importancia social de los sonidos y la calidad de los entornos sonoros (salud auditiva, ac\u00fastica y medio ambiente sonoro, grabaci\u00f3n y reproducci\u00f3n, imagen y sonido, expresi\u00f3n musical).<\/span><\/p>\n<p data-sourcepos=\"9:3-9:412\">\u00a0<\/p>\n<p data-sourcepos=\"11:3-11:45\"><strong><span lang=\"ES\">Enlaces de las proyecciones del evento:<\/span><\/strong><\/p>\n<p>\u00a0<\/p>\n<p class=\"\"><b>YouTube:<\/b><\/p>\n<p class=\"\"><a href=\"https:\/\/www.youtube.com\/@lauammx\"><b>https:\/\/www.youtube.com\/@lauammx<\/b><\/a><\/p>\n<p class=\"\"><b>Facebook:<\/b><\/p>\n<p class=\"\"><a href=\"https:\/\/www.facebook.com\/lauammx\"><b>https:\/\/www.facebook.com\/lauammx<\/b><\/a> [\/vc_column_text][vc_column_inner width=\u00bb5\/12&#8243;][\/vc_column_inner][\/vc_column][vc_column width=\u00bb1\/12&#8243;][\/vc_column][vc_column width=\u00bb5\/12&#8243;][vc_single_image image=\u00bb15926&#8243; img_size=\u00bblarge\u00bb][\/vc_column][\/vc_row]<\/p>\n\n\n<p><\/p>\n<\/div>","protected":false},"excerpt":{"rendered":"<p>La MUFRAMEX le invita a la Conferencia Inaugural H\u00edbrida del Coloquio Internacional sobre Paisajes &#8230;<\/p>\n","protected":false},"author":4,"featured_media":15612,"comment_status":"open","ping_status":"open","sticky":false,"template":"","format":"standard","meta":{"_acf_changed":false,"footnotes":""},"categories":[105,40,82],"tags":[],"class_list":["post-15924","post","type-post","status-publish","format-standard","has-post-thumbnail","hentry","category-conferencias-mesas-redondas","category-noticias","category-noticias-rrfm"],"acf":[],"translations":{"es":{"id":15924,"permalink":"https:\/\/muframex.univ-toulouse.fr\/es\/coloquio-internacional-sobre-paisajes-sonoros-espacio-publico-ciudadania-areas-urbanas-y-centros-historicos\/","title":"Coloquio Internacional sobre Paisajes Sonoros: Espacio P\u00fablico, Ciudadan\u00eda, \u00c1reas Urbanas y Centros Hist\u00f3ricos","status":"publish","original":true}},"_links":{"self":[{"href":"https:\/\/muframex.univ-toulouse.fr\/es\/wp-json\/wp\/v2\/posts\/15924","targetHints":{"allow":["GET"]}}],"collection":[{"href":"https:\/\/muframex.univ-toulouse.fr\/es\/wp-json\/wp\/v2\/posts"}],"about":[{"href":"https:\/\/muframex.univ-toulouse.fr\/es\/wp-json\/wp\/v2\/types\/post"}],"author":[{"embeddable":true,"href":"https:\/\/muframex.univ-toulouse.fr\/es\/wp-json\/wp\/v2\/users\/4"}],"replies":[{"embeddable":true,"href":"https:\/\/muframex.univ-toulouse.fr\/es\/wp-json\/wp\/v2\/comments?post=15924"}],"version-history":[{"count":4,"href":"https:\/\/muframex.univ-toulouse.fr\/es\/wp-json\/wp\/v2\/posts\/15924\/revisions"}],"predecessor-version":[{"id":15933,"href":"https:\/\/muframex.univ-toulouse.fr\/es\/wp-json\/wp\/v2\/posts\/15924\/revisions\/15933"}],"wp:featuredmedia":[{"embeddable":true,"href":"https:\/\/muframex.univ-toulouse.fr\/es\/wp-json\/wp\/v2\/media\/15612"}],"wp:attachment":[{"href":"https:\/\/muframex.univ-toulouse.fr\/es\/wp-json\/wp\/v2\/media?parent=15924"}],"wp:term":[{"taxonomy":"category","embeddable":true,"href":"https:\/\/muframex.univ-toulouse.fr\/es\/wp-json\/wp\/v2\/categories?post=15924"},{"taxonomy":"post_tag","embeddable":true,"href":"https:\/\/muframex.univ-toulouse.fr\/es\/wp-json\/wp\/v2\/tags?post=15924"}],"curies":[{"name":"wp","href":"https:\/\/api.w.org\/{rel}","templated":true}]}}