{"id":13544,"date":"2019-06-21T17:54:53","date_gmt":"2019-06-21T15:54:53","guid":{"rendered":"https:\/\/muframex.univ-toulouse.fr\/?p=13544"},"modified":"2023-07-27T18:02:27","modified_gmt":"2023-07-27T16:02:27","slug":"taller-lia-franco-mexicano-eridanus","status":"publish","type":"post","link":"https:\/\/muframex.univ-toulouse.fr\/es\/taller-lia-franco-mexicano-eridanus\/","title":{"rendered":"Taller LIA franco-mexicano ERIDANUS"},"content":{"rendered":"<div class=\"wpb-content-wrapper\"><p>[vc_row][vc_column width=\u00bb6\/12&#8243;]<div class=\"ult-spacer spacer-69f381b7e10d3\" data-id=\"69f381b7e10d3\" data-height=\"20\" data-height-mobile=\"20\" data-height-tab=\"20\" data-height-tab-portrait=\"20\" data-height-mobile-landscape=\"20\" style=\"clear:both;display:block;\"><\/div>[vc_column_text]La creaci\u00f3n del Laboratorio Internacional Asociado (LIA) \u00abERIDANUS\u00bb marca el fortalecimiento de la cooperaci\u00f3n franco-mexicana en el \u00e1mbito de la investigaci\u00f3n. Su objetivo es fomentar nuevas colaboraciones o reforzar las ya existentes en torno a temas que van desde la observaci\u00f3n de exoplanetas hasta la exploraci\u00f3n del cielo transitorio, el desarrollo de nuevos instrumentos y el estudio del medio interestelar. El LIA ha sido aprobado oficialmente y est\u00e1 financiado por el CNRS, el CNES y la AMU en Francia, y por la UNAM y el CONACyT en M\u00e9xico. Desde su creaci\u00f3n, ha contado con el apoyo de la Embajada de Francia en M\u00e9xico.<\/p>\n<p>Francia y M\u00e9xico mantienen desde hace mucho tiempo estrechas relaciones en el \u00e1mbito de las ciencias y, en particular, de la astronom\u00eda. Esta colaboraci\u00f3n ha desembocado recientemente en la decisi\u00f3n de desarrollar y explotar conjuntamente un telescopio rob\u00f3tico, denominado \u00abColibr\u00ed\u00bb, que se instalar\u00e1 en el Observatorio Astron\u00f3mico Nacional de San Pedro M\u00e1rtir, en Baja California (M\u00e9xico). Este telescopio, con un di\u00e1metro de 1,3 m y un campo de visi\u00f3n de 26&#8242;, estar\u00e1 equipado con dos c\u00e1maras visibles y una c\u00e1mara infrarroja. Previsto para estar operativo a partir de 2021, est\u00e1 especialmente dise\u00f1ado para estudiar el cielo variable, utilizando fotometr\u00eda infrarroja visible de transitorios \u00f3pticos, en particular como parte de la misi\u00f3n franco-china SVOM.<\/p>\n<p>ERIDANUS comenz\u00f3 el 1 de enero de 2019 y el primer taller, organizado por MUFRAMEX, tuvo lugar del lunes 3 al jueves 6 de junio de 2019 en la sede de la Universidad de Toulouse. Una treintena de investigadores franceses y mexicanos participaron en este taller, etiquetado por el MEAE como parte de la Semana de Am\u00e9rica Latina y el Caribe (SALC). Entre los asistentes a la inauguraci\u00f3n se encontraban D. Marty-Dessus (VP IR, Universidad de Toulouse), Mike Toplis (director del OMP, Universidad Paul Sabatier), J.-M. Lafor\u00eat (consejero diplom\u00e1tico del Prefecto) y R. Cece\u00f1a, representante del CEMUNAM Francia.[\/vc_column_text]<div class=\"ult-spacer spacer-69f381b7e1102\" data-id=\"69f381b7e1102\" data-height=\"10\" data-height-mobile=\"10\" data-height-tab=\"10\" data-height-tab-portrait=\"10\" data-height-mobile-landscape=\"10\" style=\"clear:both;display:block;\"><\/div>[vc_gallery type=\u00bbimage_grid\u00bb images=\u00bb2901,2905&#8243; img_size=\u00bbmedium\u00bb onclick=\u00bb\u00bb][vc_column_text]Dans le cadre de ce workshop, une conf\u00e9rence publique a \u00e9t\u00e9 offerte par William Lee Alard\u00edn, ancien directeur de l\u2019Instituto de Astronom\u00eda et actuel Coordinador de la investigaci\u00f3n cient\u00edfica de l\u2019UNAM (Mexique) : \u00ab Son et lumi\u00e8re : une nouvelle fen\u00eatre d\u2019observation vers l\u2019Univers \u00bb, le 4 juin 2019.[\/vc_column_text]<div class=\" vc_custom_1561112107438 ubtn-ctn-left cta-red\"><a class=\"ubtn-link ult-adjust-bottom-margin ubtn-left ubtn-mini cta-red\" href=\"https:\/\/muframex.univ-toulouse.fr\/wp-content\/uploads\/2019\/06\/A5-Programme-ERIDANUS-Conf\u00e9rence-publique-4-juin.pdf\" target=\"_blank\" rel=\"noopener\" ><button type=\"button\" id=\"ubtn-3171\"  class=\"ubtn ult-adjust-bottom-margin ult-responsive ubtn-mini ubtn-no-hover-bg  none  ubtn-left   tooltip-69f381b7e1123\"  data-hover=\"#ffffff\" data-border-color=\"\" data-bg=\"#a21915\" data-hover-bg=\"#404041\" data-border-hover=\"\" data-shadow-hover=\"\" data-shadow-click=\"none\" data-shadow=\"\" data-shd-shadow=\"\"  data-ultimate-target='#ubtn-3171'  data-responsive-json-new='{\"font-size\":\"\",\"line-height\":\"\"}'  style=\"font-weight:normal;border:none;background: #a21915;color: #ffffff;\"><span class=\"ubtn-hover\" style=\"background-color:#404041\"><\/span><span class=\"ubtn-data ubtn-text \" >Programme de la conf\u00e9rence publique<\/span><\/button><\/a><\/div>[\/vc_column][vc_column width=\u00bb1\/12&#8243;][\/vc_column][vc_column width=\u00bb5\/12&#8243;][vc_single_image image=\u00bb2893&#8243; img_size=\u00bblarge\u00bb][vc_single_image image=\u00bb2895&#8243; img_size=\u00bbfull\u00bb][\/vc_column][\/vc_row]<\/p>\n<\/div>","protected":false},"excerpt":{"rendered":"<p>Del 3 al 6 de junio de 2019, la MUFRAMEX organiz\u00f3 el taller \u00abERIDANUS &#8230;<\/p>\n","protected":false},"author":4,"featured_media":2893,"comment_status":"closed","ping_status":"closed","sticky":false,"template":"","format":"standard","meta":{"_acf_changed":false,"footnotes":""},"categories":[40],"tags":[],"class_list":["post-13544","post","type-post","status-publish","format-standard","has-post-thumbnail","hentry","category-noticias"],"acf":[],"translations":{"fr":{"id":13543,"permalink":"https:\/\/muframex.univ-toulouse.fr\/workshop-lia-franco-mexicain-eridanus\/","title":"Workshop LIA franco-mexicain ERIDANUS","status":"publish","original":true},"es":{"id":13544,"permalink":"https:\/\/muframex.univ-toulouse.fr\/es\/taller-lia-franco-mexicano-eridanus\/","title":"Taller LIA franco-mexicano ERIDANUS","status":"publish","original":false}},"_links":{"self":[{"href":"https:\/\/muframex.univ-toulouse.fr\/es\/wp-json\/wp\/v2\/posts\/13544","targetHints":{"allow":["GET"]}}],"collection":[{"href":"https:\/\/muframex.univ-toulouse.fr\/es\/wp-json\/wp\/v2\/posts"}],"about":[{"href":"https:\/\/muframex.univ-toulouse.fr\/es\/wp-json\/wp\/v2\/types\/post"}],"author":[{"embeddable":true,"href":"https:\/\/muframex.univ-toulouse.fr\/es\/wp-json\/wp\/v2\/users\/4"}],"replies":[{"embeddable":true,"href":"https:\/\/muframex.univ-toulouse.fr\/es\/wp-json\/wp\/v2\/comments?post=13544"}],"version-history":[{"count":3,"href":"https:\/\/muframex.univ-toulouse.fr\/es\/wp-json\/wp\/v2\/posts\/13544\/revisions"}],"predecessor-version":[{"id":13550,"href":"https:\/\/muframex.univ-toulouse.fr\/es\/wp-json\/wp\/v2\/posts\/13544\/revisions\/13550"}],"wp:featuredmedia":[{"embeddable":true,"href":"https:\/\/muframex.univ-toulouse.fr\/es\/wp-json\/wp\/v2\/media\/2893"}],"wp:attachment":[{"href":"https:\/\/muframex.univ-toulouse.fr\/es\/wp-json\/wp\/v2\/media?parent=13544"}],"wp:term":[{"taxonomy":"category","embeddable":true,"href":"https:\/\/muframex.univ-toulouse.fr\/es\/wp-json\/wp\/v2\/categories?post=13544"},{"taxonomy":"post_tag","embeddable":true,"href":"https:\/\/muframex.univ-toulouse.fr\/es\/wp-json\/wp\/v2\/tags?post=13544"}],"curies":[{"name":"wp","href":"https:\/\/api.w.org\/{rel}","templated":true}]}}