{"id":11260,"date":"2023-01-12T11:31:53","date_gmt":"2023-01-12T10:31:53","guid":{"rendered":"https:\/\/muframex.univ-toulouse.fr\/?p=11260"},"modified":"2023-01-12T11:31:53","modified_gmt":"2023-01-12T10:31:53","slug":"convocatoria-chal-ipeat-ut2j-2023-2024","status":"publish","type":"post","link":"https:\/\/muframex.univ-toulouse.fr\/es\/convocatoria-chal-ipeat-ut2j-2023-2024\/","title":{"rendered":"Convocatoria &#8211; Chaire Am\u00e9rique latine (ChAL), IPEAT"},"content":{"rendered":"<div class=\"wpb-content-wrapper\"><p>[vc_row][vc_column][\/vc_column][\/vc_row][vc_row][vc_column width=\u00bb6\/12&#8243;]<div class=\"ult-spacer spacer-69f56bd00931f\" data-id=\"69f56bd00931f\" data-height=\"20\" data-height-mobile=\"20\" data-height-tab=\"20\" data-height-tab-portrait=\"20\" data-height-mobile-landscape=\"20\" style=\"clear:both;display:block;\"><\/div>[vc_column_text]La convocatoria de la <strong><a href=\"https:\/\/ipeat.univ-tlse2.fr\/accueil\/chaire-amerique-latine\/presentation-1\" target=\"_blank\" rel=\"noopener\">Chaire Am\u00e9rique latine<\/a> (ChAL) para el curso 2023-2024<\/strong> est\u00e1 abierta.<\/p>\n<p>Cada a\u00f1o, la ChAL del <a href=\"https:\/\/ipeat.univ-tlse2.fr\/\" target=\"_blank\" rel=\"noopener\">Institut Pluridisciplinaire pour les \u00c9tudes sur les Am\u00e9riques \u00e0 Toulouse<\/a> (IPEAT) acoge unos 14 <strong>profesores visitantes<\/strong> <strong>de todas las nacionalidades, especialistas en el estudio de las sociedades latinoamericanas.<\/strong><\/p>\n<p>El profesor visitante propondr\u00e1 un seminario a nivel de Master y participar\u00e1 en las actividades del equipo de investigaci\u00f3n que le acoja durante su estancia en las UMR (Unit\u00e9s mixtes de recherche <a href=\"https:\/\/www.cnrs.fr\/fr\" target=\"_blank\" rel=\"noopener\">CNRS<\/a>) o equipos de investigaci\u00f3n socios del IPEAT: <a href=\"https:\/\/framespa.univ-tlse2.fr\/\" target=\"_blank\" rel=\"noopener\">FRAMESPA<\/a>, <a href=\"https:\/\/geode.univ-tlse2.fr\/\" target=\"_blank\" rel=\"noopener\">GEODE<\/a>, <a href=\"https:\/\/ceiiba.univ-tlse2.fr\/\" target=\"_blank\" rel=\"noopener\">CEIIBA<\/a>, <a href=\"http:\/\/lereps.sciencespo-toulouse.fr\/\" target=\"_blank\" rel=\"noopener\">LEREPS<\/a>, <a href=\"https:\/\/lisst.univ-tlse2.fr\/\" target=\"_blank\" rel=\"noopener\">LISST<\/a>, <a href=\"https:\/\/certop.cnrs.fr\/\" target=\"_blank\" rel=\"noopener\">CERTOP<\/a>.<\/p>\n<p><strong>Plazo de solicitud: jueves 30 de marzo de 2023<\/strong><\/p>\n<p>__<\/p>\n<p><em>La Chaire Am\u00e9rique Latine (ChAL), bajo la responsabilidad del IPEAT, tom\u00f3 el relevo en 2014 de la Chaire d\u2019\u00e9tudes mexicaines (ChEM) inaugurada el 22 de mayo de 2000 por Rodolfo Stavenhagen (<a href=\"https:\/\/www.colmex.mx\/\" target=\"_blank\" rel=\"noopener\">El Colegio de M\u00e9xico<\/a>).<\/em><\/p>\n<p><em>Favoreciendo los enfoques interdisciplinarios, tanto en el campo de las Ciencias Humanas y Sociales como en el de las Artes, las Letras y las Lenguas, la ChAL pretende acoger a profesores-investigadores experimentados, de todas las nacionalidades, que trabajen sobre las din\u00e1micas sociales de los diferentes pa\u00edses de Am\u00e9rica Latina, sobre las relaciones transamericanas y con otras regiones del mundo. La ChAL pretende as\u00ed promover la difusi\u00f3n de conocimientos sobre Am\u00e9rica Latina, enriquecer la formaci\u00f3n de los estudiantes de la <a href=\"https:\/\/www.univ-tlse2.fr\/\" target=\"_blank\" rel=\"noopener\">Universit\u00e9 Toulouse &#8211; Jean Jaur\u00e8s<\/a> (UT2J) y consolidar la red cient\u00edfica del IPEAT y la UT2J.\u00a0<\/em>[\/vc_column_text][vc_column_inner width=\u00bb5\/12&#8243;][\/vc_column_inner][\/vc_column][vc_column width=\u00bb1\/12&#8243;][\/vc_column][vc_column width=\u00bb5\/12&#8243;][vc_single_image image=\u00bb11265&#8243; img_size=\u00bblarge\u00bb]<div class=\" ubtn-ctn-left cta-red\"><a class=\"ubtn-link ult-adjust-bottom-margin ubtn-left ubtn-normal cta-red\" href=\"https:\/\/ipeat.univ-tlse2.fr\/accueil\/chaire-amerique-latine\/presentation-1\" target=\"_blank\" rel=\"noopener\" ><button type=\"button\" id=\"ubtn-3274\"  class=\"ubtn ult-adjust-bottom-margin ult-responsive ubtn-normal ubtn-no-hover-bg  none  ubtn-left   tooltip-69f56bd00934d\"  data-hover=\"\" data-border-color=\"\" data-bg=\"#a21915\" data-hover-bg=\"\" data-border-hover=\"\" data-shadow-hover=\"\" data-shadow-click=\"none\" data-shadow=\"\" data-shd-shadow=\"\"  data-ultimate-target='#ubtn-3274'  data-responsive-json-new='{\"font-size\":\"\",\"line-height\":\"\"}'  style=\"font-weight:normal;border:none;background: #a21915;color: #ffffff;\"><span class=\"ubtn-hover\" style=\"background-color:\"><\/span><span class=\"ubtn-data ubtn-text \" >Saber m\u00e1s<\/span><\/button><\/a><\/div><div class=\" ubtn-ctn-left cta-red\"><a class=\"ubtn-link ult-adjust-bottom-margin ubtn-left ubtn-normal cta-red\" href=\"https:\/\/ipeat.univ-tlse2.fr\/accueil\/chaire-amerique-latine\/candidatures\" target=\"_blank\" rel=\"noopener\" ><button type=\"button\" id=\"ubtn-9680\"  class=\"ubtn ult-adjust-bottom-margin ult-responsive ubtn-normal ubtn-no-hover-bg  none  ubtn-left   tooltip-69f56bd009395\"  data-hover=\"\" data-border-color=\"\" data-bg=\"#a21915\" data-hover-bg=\"\" data-border-hover=\"\" data-shadow-hover=\"\" data-shadow-click=\"none\" data-shadow=\"\" data-shd-shadow=\"\"  data-ultimate-target='#ubtn-9680'  data-responsive-json-new='{\"font-size\":\"\",\"line-height\":\"\"}'  style=\"font-weight:normal;border:none;background: #a21915;color: #ffffff;\"><span class=\"ubtn-hover\" style=\"background-color:\"><\/span><span class=\"ubtn-data ubtn-text \" >Convocatoria y formulario de solicitud<\/span><\/button><\/a><\/div>[\/vc_column][\/vc_row]<\/p>\n<\/div>","protected":false},"excerpt":{"rendered":"<p>La convocatoria de la ChAL para el curso 2023-2024 est\u00e1 abierta. Plazo de solicitud: &#8230;<\/p>\n","protected":false},"author":4,"featured_media":11265,"comment_status":"closed","ping_status":"closed","sticky":false,"template":"","format":"standard","meta":{"_acf_changed":false,"footnotes":""},"categories":[83],"tags":[],"class_list":["post-11260","post","type-post","status-publish","format-standard","has-post-thumbnail","hentry","category-convocatoria-archivada"],"acf":[],"translations":{"fr":{"id":11259,"permalink":"https:\/\/muframex.univ-toulouse.fr\/appel-chal-ipeat-ut2j-2023-2024\/","title":"Appel \u00e0 candidatures &#8211; Chaire Am\u00e9rique latine (ChAL), IPEAT","status":"publish","original":true},"es":{"id":11260,"permalink":"https:\/\/muframex.univ-toulouse.fr\/es\/convocatoria-chal-ipeat-ut2j-2023-2024\/","title":"Convocatoria &#8211; Chaire Am\u00e9rique latine (ChAL), IPEAT","status":"publish","original":false}},"_links":{"self":[{"href":"https:\/\/muframex.univ-toulouse.fr\/es\/wp-json\/wp\/v2\/posts\/11260","targetHints":{"allow":["GET"]}}],"collection":[{"href":"https:\/\/muframex.univ-toulouse.fr\/es\/wp-json\/wp\/v2\/posts"}],"about":[{"href":"https:\/\/muframex.univ-toulouse.fr\/es\/wp-json\/wp\/v2\/types\/post"}],"author":[{"embeddable":true,"href":"https:\/\/muframex.univ-toulouse.fr\/es\/wp-json\/wp\/v2\/users\/4"}],"replies":[{"embeddable":true,"href":"https:\/\/muframex.univ-toulouse.fr\/es\/wp-json\/wp\/v2\/comments?post=11260"}],"version-history":[{"count":3,"href":"https:\/\/muframex.univ-toulouse.fr\/es\/wp-json\/wp\/v2\/posts\/11260\/revisions"}],"predecessor-version":[{"id":11269,"href":"https:\/\/muframex.univ-toulouse.fr\/es\/wp-json\/wp\/v2\/posts\/11260\/revisions\/11269"}],"wp:featuredmedia":[{"embeddable":true,"href":"https:\/\/muframex.univ-toulouse.fr\/es\/wp-json\/wp\/v2\/media\/11265"}],"wp:attachment":[{"href":"https:\/\/muframex.univ-toulouse.fr\/es\/wp-json\/wp\/v2\/media?parent=11260"}],"wp:term":[{"taxonomy":"category","embeddable":true,"href":"https:\/\/muframex.univ-toulouse.fr\/es\/wp-json\/wp\/v2\/categories?post=11260"},{"taxonomy":"post_tag","embeddable":true,"href":"https:\/\/muframex.univ-toulouse.fr\/es\/wp-json\/wp\/v2\/tags?post=11260"}],"curies":[{"name":"wp","href":"https:\/\/api.w.org\/{rel}","templated":true}]}}