{"id":11238,"date":"2023-01-11T16:40:24","date_gmt":"2023-01-11T15:40:24","guid":{"rendered":"https:\/\/muframex.univ-toulouse.fr\/?p=11238"},"modified":"2023-02-07T09:45:01","modified_gmt":"2023-02-07T08:45:01","slug":"jja-2023","status":"publish","type":"post","link":"https:\/\/muframex.univ-toulouse.fr\/es\/jja-2023\/","title":{"rendered":"Convocatoria Jornadas de los J\u00f3venes Americanistas 2023"},"content":{"rendered":"<div class=\"wpb-content-wrapper\"><p>[vc_row][vc_column][\/vc_column][\/vc_row][vc_row][vc_column width=\u00bb6\/12&#8243;]<div class=\"ult-spacer spacer-69f591acf1975\" data-id=\"69f591acf1975\" data-height=\"20\" data-height-mobile=\"20\" data-height-tab=\"20\" data-height-tab-portrait=\"20\" data-height-mobile-landscape=\"20\" style=\"clear:both;display:block;\"><\/div>[vc_column_text]La convocatoria para la edici\u00f3n 2023 de las <strong>Jornadas de J\u00f3venes Americanistas<\/strong> (JJA) est\u00e1 abierta. Este a\u00f1o, tendr\u00e1 lugar del <strong>3 al 5 de julio<\/strong>, en el <a href=\"https:\/\/www.ifea.org.pe\/\" target=\"_blank\" rel=\"noopener\">Instituto Franc\u00e9s de Estudios Andinos<\/a> (IFEA), Lima (Per\u00fa) y en la <a href=\"https:\/\/www.casadevelazquez.org\/\" target=\"_blank\" rel=\"noopener\">Casa de Vel\u00e1zquez<\/a>, Madrid (Espa\u00f1a).<\/p>\n<p>El t\u00e9ma central de este a\u00f1o se t\u00edtula : \u00ab<strong>Din\u00e1micas de poblaciones en las Am\u00e9ricas &#8211; Perspectivas del pasado y presente<\/strong>\u00ab.<\/p>\n<p>&nbsp;<\/p>\n<p>Esta convocatoria se dirige a todos los estudiantes inscritos en Licenciatura, M\u00e1ster y\/o Doctorado en Ciencias Humanas y Sociales que trabajen sobre las Am\u00e9ricas.<\/p>\n<p><strong>Plazo de solicitud: 6 de febrero de 2023<\/strong>[\/vc_column_text]<div class=\" ubtn-ctn-left cta-red\"><a class=\"ubtn-link ult-adjust-bottom-margin ubtn-left ubtn-normal cta-red\" href=\"https:\/\/www.institutdesameriques.fr\/agenda\/convocatoria-jornadas-de-los-jovenes-americanistas-2023\" target=\"_blank\" rel=\"noopener\" ><button type=\"button\" id=\"ubtn-1350\"  class=\"ubtn ult-adjust-bottom-margin ult-responsive ubtn-normal ubtn-no-hover-bg  none  ubtn-left   tooltip-69f591acf19ac\"  data-hover=\"\" data-border-color=\"\" data-bg=\"#a21915\" data-hover-bg=\"\" data-border-hover=\"\" data-shadow-hover=\"\" data-shadow-click=\"none\" data-shadow=\"\" data-shd-shadow=\"\"  data-ultimate-target='#ubtn-1350'  data-responsive-json-new='{\"font-size\":\"\",\"line-height\":\"\"}'  style=\"font-weight:normal;border:none;background: #a21915;color: #ffffff;\"><span class=\"ubtn-hover\" style=\"background-color:\"><\/span><span class=\"ubtn-data ubtn-text \" >Saber m\u00e1s<\/span><\/button><\/a><\/div><div class=\" ubtn-ctn-left cta-red\"><a class=\"ubtn-link ult-adjust-bottom-margin ubtn-left ubtn-normal cta-red\" href=\"https:\/\/www.casadevelazquez.org\/es\/investigacion\/formulaires\/epoques-moderne-et-contemporaine\/jja-2023-formulario-de-inscripcion\/\" target=\"_blank\" rel=\"noopener\" ><button type=\"button\" id=\"ubtn-9049\"  class=\"ubtn ult-adjust-bottom-margin ult-responsive ubtn-normal ubtn-no-hover-bg  none  ubtn-left   tooltip-69f591acf19e9\"  data-hover=\"\" data-border-color=\"\" data-bg=\"#a21915\" data-hover-bg=\"\" data-border-hover=\"\" data-shadow-hover=\"\" data-shadow-click=\"none\" data-shadow=\"\" data-shd-shadow=\"\"  data-ultimate-target='#ubtn-9049'  data-responsive-json-new='{\"font-size\":\"\",\"line-height\":\"\"}'  style=\"font-weight:normal;border:none;background: #a21915;color: #ffffff;\"><span class=\"ubtn-hover\" style=\"background-color:\"><\/span><span class=\"ubtn-data ubtn-text \" >Formulario de solicitud<\/span><\/button><\/a><\/div>[vc_column_inner width=\u00bb5\/12&#8243;][\/vc_column_inner][\/vc_column][vc_column width=\u00bb1\/12&#8243;][\/vc_column][vc_column width=\u00bb5\/12&#8243;][vc_single_image image=\u00bb11241&#8243; img_size=\u00bblarge\u00bb][\/vc_column][\/vc_row]<\/p>\n<\/div>","protected":false},"excerpt":{"rendered":"<p>La convocatoria para la edici\u00f3n 2023 de las JJA est\u00e1 abierta. Tendr\u00e1 lugar del &#8230;<\/p>\n","protected":false},"author":4,"featured_media":11241,"comment_status":"closed","ping_status":"closed","sticky":false,"template":"","format":"standard","meta":{"_acf_changed":false,"footnotes":""},"categories":[83],"tags":[],"class_list":["post-11238","post","type-post","status-publish","format-standard","has-post-thumbnail","hentry","category-convocatoria-archivada"],"acf":[],"translations":{"fr":{"id":11237,"permalink":"https:\/\/muframex.univ-toulouse.fr\/appel-jja-2023\/","title":"Appel Journ\u00e9e des Jeunes Am\u00e9ricanistes 2023","status":"publish","original":true},"es":{"id":11238,"permalink":"https:\/\/muframex.univ-toulouse.fr\/es\/jja-2023\/","title":"Convocatoria Jornadas de los J\u00f3venes Americanistas 2023","status":"publish","original":false}},"_links":{"self":[{"href":"https:\/\/muframex.univ-toulouse.fr\/es\/wp-json\/wp\/v2\/posts\/11238","targetHints":{"allow":["GET"]}}],"collection":[{"href":"https:\/\/muframex.univ-toulouse.fr\/es\/wp-json\/wp\/v2\/posts"}],"about":[{"href":"https:\/\/muframex.univ-toulouse.fr\/es\/wp-json\/wp\/v2\/types\/post"}],"author":[{"embeddable":true,"href":"https:\/\/muframex.univ-toulouse.fr\/es\/wp-json\/wp\/v2\/users\/4"}],"replies":[{"embeddable":true,"href":"https:\/\/muframex.univ-toulouse.fr\/es\/wp-json\/wp\/v2\/comments?post=11238"}],"version-history":[{"count":2,"href":"https:\/\/muframex.univ-toulouse.fr\/es\/wp-json\/wp\/v2\/posts\/11238\/revisions"}],"predecessor-version":[{"id":11246,"href":"https:\/\/muframex.univ-toulouse.fr\/es\/wp-json\/wp\/v2\/posts\/11238\/revisions\/11246"}],"wp:featuredmedia":[{"embeddable":true,"href":"https:\/\/muframex.univ-toulouse.fr\/es\/wp-json\/wp\/v2\/media\/11241"}],"wp:attachment":[{"href":"https:\/\/muframex.univ-toulouse.fr\/es\/wp-json\/wp\/v2\/media?parent=11238"}],"wp:term":[{"taxonomy":"category","embeddable":true,"href":"https:\/\/muframex.univ-toulouse.fr\/es\/wp-json\/wp\/v2\/categories?post=11238"},{"taxonomy":"post_tag","embeddable":true,"href":"https:\/\/muframex.univ-toulouse.fr\/es\/wp-json\/wp\/v2\/tags?post=11238"}],"curies":[{"name":"wp","href":"https:\/\/api.w.org\/{rel}","templated":true}]}}