{"id":11169,"date":"2022-12-05T15:47:33","date_gmt":"2022-12-05T14:47:33","guid":{"rendered":"https:\/\/muframex.univ-toulouse.fr\/?p=11169"},"modified":"2022-12-05T15:47:33","modified_gmt":"2022-12-05T14:47:33","slug":"movilidad-estudiantes-mexico-francia-campus-france","status":"publish","type":"post","link":"https:\/\/muframex.univ-toulouse.fr\/es\/movilidad-estudiantes-mexico-francia-campus-france\/","title":{"rendered":"Movilidad de estudiantes mexicanos hacia Francia"},"content":{"rendered":"<div class=\"wpb-content-wrapper\"><p>[vc_row][vc_column][\/vc_column][\/vc_row][vc_row][vc_column width=\u00bb6\/12&#8243;][vc_column_text]Los <strong>\u201cdatos estad\u00edsticos Mexico\u201d<\/strong> <a href=\"https:\/\/www.campusfrance.org\/fr\" target=\"_blank\" rel=\"noopener\">Campus France<\/a> ofrecen una visi\u00f3n general de la movilidad internacional en M\u00e9xico, as\u00ed como de la movilidad estudiantil mexicana hacia Francia.<\/p>\n<p>Bas\u00e1ndose sobre <a href=\"https:\/\/uis.unesco.org\/fr\" target=\"_blank\" rel=\"noopener\">datos de la UNESCO<\/a>, del <a href=\"https:\/\/www.enseignementsup-recherche.gouv.fr\/fr\" target=\"_blank\" rel=\"noopener\">Ministerio de Educaci\u00f3n superior, e investigaci\u00f3n franc\u00e9s<\/a>, as\u00ed como del <a href=\"https:\/\/www.interieur.gouv.fr\/\" target=\"_blank\" rel=\"noopener\">Ministerio del Interior<\/a>, destaca algunos datos claves:<\/p>\n<ul>\n<li><strong>Francia es el tercer pa\u00eds de acogida de estudiantes mexicanos en movilidad<\/strong> (con un total de 2 433 estudiantes en 2016).<\/li>\n<li>En 2017-2018, Francia acogi\u00f3 3 119 estudiantes mexicanos, de los cuales 54,6% son mujeres.<\/li>\n<li>La mayor\u00eda de los estudiantes mexicanos en movilidad en Francia est\u00e1n inscritos en la universidad.<\/li>\n<li><strong>Las humanidades cuentan con el mayor n\u00famero de estudiantes mexicanos inscritos<\/strong>, en 2017-2018.<\/li>\n<\/ul>\n<p>[\/vc_column_text]<div class=\" ubtn-ctn-left cta-red\"><a class=\"ubtn-link ult-adjust-bottom-margin ubtn-left ubtn-normal cta-red\" href=\"https:\/\/muframex.univ-toulouse.fr\/wp-content\/uploads\/2022\/12\/mexique_es.pdf\" target=\"_blank\" rel=\"noopener\" ><button type=\"button\" id=\"ubtn-8095\"  class=\"ubtn ult-adjust-bottom-margin ult-responsive ubtn-normal ubtn-no-hover-bg  none  ubtn-left   tooltip-69f40589e1c27\"  data-hover=\"\" data-border-color=\"\" data-bg=\"#a21915\" data-hover-bg=\"\" data-border-hover=\"\" data-shadow-hover=\"\" data-shadow-click=\"none\" data-shadow=\"\" data-shd-shadow=\"\"  data-ultimate-target='#ubtn-8095'  data-responsive-json-new='{\"font-size\":\"\",\"line-height\":\"\"}'  style=\"font-weight:normal;border:none;background: #a21915;color: #ffffff;\"><span class=\"ubtn-hover\" style=\"background-color:\"><\/span><span class=\"ubtn-data ubtn-text \" >Ver y descargar los datos estad\u00edsticos Mexico<\/span><\/button><\/a><\/div>[vc_column_inner width=\u00bb5\/12&#8243;][\/vc_column_inner][\/vc_column][vc_column width=\u00bb1\/12&#8243;][\/vc_column][vc_column width=\u00bb5\/12&#8243;][vc_single_image image=\u00bb11180&#8243; img_size=\u00bblarge\u00bb][\/vc_column][\/vc_row]<\/p>\n<\/div>","protected":false},"excerpt":{"rendered":"<p>Campus France publica datos estad\u00edsticos sobre la movilidad internacional hacia Francia.<\/p>\n","protected":false},"author":4,"featured_media":11180,"comment_status":"closed","ping_status":"closed","sticky":false,"template":"","format":"standard","meta":{"_acf_changed":false,"footnotes":""},"categories":[79],"tags":[],"class_list":["post-11169","post","type-post","status-publish","format-standard","has-post-thumbnail","hentry","category-publicaciones-recomendadas"],"acf":[],"translations":{"fr":{"id":11168,"permalink":"https:\/\/muframex.univ-toulouse.fr\/zoom-mobilite-etudiants-mexique-vers-france\/","title":"Zoom sur la mobilit\u00e9 des \u00e9tudiants mexicains vers la France","status":"publish","original":true},"es":{"id":11169,"permalink":"https:\/\/muframex.univ-toulouse.fr\/es\/movilidad-estudiantes-mexico-francia-campus-france\/","title":"Movilidad de estudiantes mexicanos hacia Francia","status":"publish","original":false}},"_links":{"self":[{"href":"https:\/\/muframex.univ-toulouse.fr\/es\/wp-json\/wp\/v2\/posts\/11169","targetHints":{"allow":["GET"]}}],"collection":[{"href":"https:\/\/muframex.univ-toulouse.fr\/es\/wp-json\/wp\/v2\/posts"}],"about":[{"href":"https:\/\/muframex.univ-toulouse.fr\/es\/wp-json\/wp\/v2\/types\/post"}],"author":[{"embeddable":true,"href":"https:\/\/muframex.univ-toulouse.fr\/es\/wp-json\/wp\/v2\/users\/4"}],"replies":[{"embeddable":true,"href":"https:\/\/muframex.univ-toulouse.fr\/es\/wp-json\/wp\/v2\/comments?post=11169"}],"version-history":[{"count":2,"href":"https:\/\/muframex.univ-toulouse.fr\/es\/wp-json\/wp\/v2\/posts\/11169\/revisions"}],"predecessor-version":[{"id":11182,"href":"https:\/\/muframex.univ-toulouse.fr\/es\/wp-json\/wp\/v2\/posts\/11169\/revisions\/11182"}],"wp:featuredmedia":[{"embeddable":true,"href":"https:\/\/muframex.univ-toulouse.fr\/es\/wp-json\/wp\/v2\/media\/11180"}],"wp:attachment":[{"href":"https:\/\/muframex.univ-toulouse.fr\/es\/wp-json\/wp\/v2\/media?parent=11169"}],"wp:term":[{"taxonomy":"category","embeddable":true,"href":"https:\/\/muframex.univ-toulouse.fr\/es\/wp-json\/wp\/v2\/categories?post=11169"},{"taxonomy":"post_tag","embeddable":true,"href":"https:\/\/muframex.univ-toulouse.fr\/es\/wp-json\/wp\/v2\/tags?post=11169"}],"curies":[{"name":"wp","href":"https:\/\/api.w.org\/{rel}","templated":true}]}}